{"id":108,"date":"2023-12-12T11:14:09","date_gmt":"2023-12-12T14:14:09","guid":{"rendered":"https:\/\/grani.adv.br\/?p=108"},"modified":"2023-12-12T11:14:09","modified_gmt":"2023-12-12T14:14:09","slug":"fui-mandado-embora-e-nao-assinaram-a-minha-carteira","status":"publish","type":"post","link":"https:\/\/grani.adv.br\/index.php\/2023\/12\/12\/fui-mandado-embora-e-nao-assinaram-a-minha-carteira\/","title":{"rendered":"FUI MANDADO&#8230;EMBORA E N\u00c3O ASSINARAM A MINHA CARTEIRA"},"content":{"rendered":"\n<figure class=\"wp-block-image size-full is-resized\"><img loading=\"lazy\" decoding=\"async\" width=\"277\" height=\"182\" src=\"https:\/\/grani.adv.br\/wp-content\/uploads\/2023\/12\/download.jpg\" alt=\"\" class=\"wp-image-110\" style=\"width:589px;height:auto\"\/><\/figure>\n\n\n\n<p><strong><mark style=\"background-color:rgba(0, 0, 0, 0)\" class=\"has-inline-color has-nv-c-2-color\">ACONTECE DIARIAMENTE! MUITO!<\/mark><\/strong><\/p>\n\n\n\n<div class=\"wp-block-columns is-layout-flex wp-container-core-columns-is-layout-9d6595d7 wp-block-columns-is-layout-flex\">\n<div class=\"wp-block-column is-layout-flow wp-block-column-is-layout-flow\">\n<p>A carteira n\u00e3o estar assinada significa que voc\u00ea tem<br>ou teve um emprego INFORMAL, o que n\u00e3o deixa<br>de ser um emprego.<br>Ainda que n\u00e3o esteja assinada a carteira, voc\u00ea tem<br>TODOS OS DIREITOS de um emprego com a<br>carteira assinada.<br>A diferen\u00e7a \u00e9 que no emprego regularizado (com<br>carteira assinada), o empregador cumpriu com a<br>sua responsabilidade voluntariamente.<br>J\u00e1 no emprego N\u00c3O REGULARIZADO (sem<br>carteira assinada), o empregador n\u00e3o realizou<br>voluntariamente a sua obriga\u00e7\u00e3o.<br>Quando isso acontece, voc\u00ea \u00e9 quem ter\u00e1 que tomar<br>as r\u00e9deas da sua rela\u00e7\u00e3o de emprego e cobrar de<br>seu patr\u00e3o o cumprimento da parte que lhe cabia.<br>Voc\u00ea trabalhou, n\u00e3o trabalhou? Cumpriu sua parte.<\/p>\n<\/div>\n\n\n\n<div class=\"wp-block-column is-layout-flow wp-block-column-is-layout-flow\">\n<p>Agora resta o seu patr\u00e3o cumprir a dele e<br>regularizar o seu contrato de emprego, bem como,<br>pagar todas as verbas devidas desse trabalho<br>prestado.<br>Infelizmente, alguns empregadores n\u00e3o recebem<br>muito bem esse pedido vindo direto do<br>(ex)empregado, por isso, a assist\u00eancia do advogado<br>\u00e9 necess\u00e1ria.<br>N\u00e3o apenas para indicar o caminho de cobran\u00e7a<br>correto e os instrumentos adequados, mas tamb\u00e9m<br>para diminuir a exposi\u00e7\u00e3o do trabalhador a<br>qualquer resposta inapropriada do ex empregador,<br>j\u00e1 que a partir da assist\u00eancia do advogado, o patr\u00e3o<br>ir\u00e1 mais tratar diretamente com o empregado, mas<br>primeiro, com seu advogado.<br>Essa, \u00e9 uma das formas de atua\u00e7\u00e3o da gente, pra<br>tentar dar uma folga e paz a voc\u00eas nessa busca pelo<br>correto.<br><strong>Gostou? Compartilha com seus amigos que<br>precisam dessa mensagem.<\/strong><\/p>\n<\/div>\n<\/div>\n","protected":false},"excerpt":{"rendered":"<p>ACONTECE DIARIAMENTE! MUITO! A carteira n\u00e3o estar assinada significa que voc\u00ea temou teve um emprego INFORMAL, o que n\u00e3o deixade ser um emprego.Ainda que n\u00e3o esteja assinada a carteira, voc\u00ea temTODOS OS DIREITOS de um emprego com acarteira assinada.A diferen\u00e7a \u00e9 que no emprego regularizado (comcarteira assinada), o empregador cumpriu com asua responsabilidade voluntariamente.J\u00e1 no&hellip;&nbsp;<a href=\"https:\/\/grani.adv.br\/index.php\/2023\/12\/12\/fui-mandado-embora-e-nao-assinaram-a-minha-carteira\/\" class=\"\" rel=\"bookmark\">Read More &raquo;<span class=\"screen-reader-text\">FUI MANDADO&#8230;EMBORA E N\u00c3O ASSINARAM A MINHA CARTEIRA<\/span><\/a><\/p>\n","protected":false},"author":2,"featured_media":0,"comment_status":"open","ping_status":"open","sticky":false,"template":"","format":"standard","meta":{"om_disable_all_campaigns":false,"_monsterinsights_skip_tracking":false,"_monsterinsights_sitenote_active":false,"_monsterinsights_sitenote_note":"","_monsterinsights_sitenote_category":0,"neve_meta_sidebar":"","neve_meta_container":"","neve_meta_enable_content_width":"","neve_meta_content_width":0,"neve_meta_title_alignment":"","neve_meta_author_avatar":"","neve_post_elements_order":"","neve_meta_disable_header":"","neve_meta_disable_footer":"","neve_meta_disable_title":"","_ti_tpc_template_sync":false,"_ti_tpc_template_id":"","footnotes":""},"categories":[1],"tags":[],"class_list":["post-108","post","type-post","status-publish","format-standard","hentry","category-sem-categoria"],"yoast_head":"<!-- This site is optimized with the Yoast SEO plugin v21.6 - https:\/\/yoast.com\/wordpress\/plugins\/seo\/ -->\n<title>FUI MANDADO...EMBORA E N\u00c3O ASSINARAM A MINHA CARTEIRA -<\/title>\n<meta name=\"robots\" content=\"index, follow, max-snippet:-1, max-image-preview:large, max-video-preview:-1\" \/>\n<link rel=\"canonical\" href=\"https:\/\/grani.adv.br\/index.php\/2023\/12\/12\/fui-mandado-embora-e-nao-assinaram-a-minha-carteira\/\" \/>\n<meta property=\"og:locale\" content=\"en_US\" \/>\n<meta property=\"og:type\" content=\"article\" \/>\n<meta property=\"og:title\" content=\"FUI MANDADO...EMBORA E N\u00c3O ASSINARAM A MINHA CARTEIRA -\" \/>\n<meta property=\"og:description\" content=\"ACONTECE DIARIAMENTE! MUITO! A carteira n\u00e3o estar assinada significa que voc\u00ea temou teve um emprego INFORMAL, o que n\u00e3o deixade ser um emprego.Ainda que n\u00e3o esteja assinada a carteira, voc\u00ea temTODOS OS DIREITOS de um emprego com acarteira assinada.A diferen\u00e7a \u00e9 que no emprego regularizado (comcarteira assinada), o empregador cumpriu com asua responsabilidade voluntariamente.J\u00e1 no&hellip;&nbsp;Read More &raquo;FUI MANDADO&#8230;EMBORA E N\u00c3O ASSINARAM A MINHA CARTEIRA\" \/>\n<meta property=\"og:url\" content=\"https:\/\/grani.adv.br\/index.php\/2023\/12\/12\/fui-mandado-embora-e-nao-assinaram-a-minha-carteira\/\" \/>\n<meta property=\"article:published_time\" content=\"2023-12-12T14:14:09+00:00\" \/>\n<meta property=\"og:image\" content=\"https:\/\/grani.adv.br\/wp-content\/uploads\/2023\/12\/download.jpg\" \/>\n<meta name=\"author\" content=\"Sandra Regina Breyer\" \/>\n<meta name=\"twitter:card\" content=\"summary_large_image\" \/>\n<meta name=\"twitter:label1\" content=\"Written by\" \/>\n\t<meta name=\"twitter:data1\" content=\"Sandra Regina Breyer\" \/>\n\t<meta name=\"twitter:label2\" content=\"Est. reading time\" \/>\n\t<meta name=\"twitter:data2\" content=\"2 minutes\" \/>\n<script type=\"application\/ld+json\" class=\"yoast-schema-graph\">{\"@context\":\"https:\/\/schema.org\",\"@graph\":[{\"@type\":\"Article\",\"@id\":\"https:\/\/grani.adv.br\/index.php\/2023\/12\/12\/fui-mandado-embora-e-nao-assinaram-a-minha-carteira\/#article\",\"isPartOf\":{\"@id\":\"https:\/\/grani.adv.br\/index.php\/2023\/12\/12\/fui-mandado-embora-e-nao-assinaram-a-minha-carteira\/\"},\"author\":{\"name\":\"Sandra Regina Breyer\",\"@id\":\"https:\/\/grani.adv.br\/#\/schema\/person\/9473646a41c49a76916f8c9a36590d19\"},\"headline\":\"FUI MANDADO&#8230;EMBORA E N\u00c3O ASSINARAM A MINHA CARTEIRA\",\"datePublished\":\"2023-12-12T14:14:09+00:00\",\"dateModified\":\"2023-12-12T14:14:09+00:00\",\"mainEntityOfPage\":{\"@id\":\"https:\/\/grani.adv.br\/index.php\/2023\/12\/12\/fui-mandado-embora-e-nao-assinaram-a-minha-carteira\/\"},\"wordCount\":249,\"commentCount\":0,\"publisher\":{\"@id\":\"https:\/\/grani.adv.br\/#organization\"},\"articleSection\":[\"Sem categoria\"],\"inLanguage\":\"en-US\",\"potentialAction\":[{\"@type\":\"CommentAction\",\"name\":\"Comment\",\"target\":[\"https:\/\/grani.adv.br\/index.php\/2023\/12\/12\/fui-mandado-embora-e-nao-assinaram-a-minha-carteira\/#respond\"]}]},{\"@type\":\"WebPage\",\"@id\":\"https:\/\/grani.adv.br\/index.php\/2023\/12\/12\/fui-mandado-embora-e-nao-assinaram-a-minha-carteira\/\",\"url\":\"https:\/\/grani.adv.br\/index.php\/2023\/12\/12\/fui-mandado-embora-e-nao-assinaram-a-minha-carteira\/\",\"name\":\"FUI MANDADO...EMBORA E N\u00c3O ASSINARAM A MINHA CARTEIRA -\",\"isPartOf\":{\"@id\":\"https:\/\/grani.adv.br\/#website\"},\"datePublished\":\"2023-12-12T14:14:09+00:00\",\"dateModified\":\"2023-12-12T14:14:09+00:00\",\"breadcrumb\":{\"@id\":\"https:\/\/grani.adv.br\/index.php\/2023\/12\/12\/fui-mandado-embora-e-nao-assinaram-a-minha-carteira\/#breadcrumb\"},\"inLanguage\":\"en-US\",\"potentialAction\":[{\"@type\":\"ReadAction\",\"target\":[\"https:\/\/grani.adv.br\/index.php\/2023\/12\/12\/fui-mandado-embora-e-nao-assinaram-a-minha-carteira\/\"]}]},{\"@type\":\"BreadcrumbList\",\"@id\":\"https:\/\/grani.adv.br\/index.php\/2023\/12\/12\/fui-mandado-embora-e-nao-assinaram-a-minha-carteira\/#breadcrumb\",\"itemListElement\":[{\"@type\":\"ListItem\",\"position\":1,\"name\":\"Home\",\"item\":\"https:\/\/grani.adv.br\/\"},{\"@type\":\"ListItem\",\"position\":2,\"name\":\"FUI MANDADO&#8230;EMBORA E N\u00c3O ASSINARAM A MINHA CARTEIRA\"}]},{\"@type\":\"WebSite\",\"@id\":\"https:\/\/grani.adv.br\/#website\",\"url\":\"https:\/\/grani.adv.br\/\",\"name\":\"Grani Advocacia\",\"description\":\"\",\"publisher\":{\"@id\":\"https:\/\/grani.adv.br\/#organization\"},\"potentialAction\":[{\"@type\":\"SearchAction\",\"target\":{\"@type\":\"EntryPoint\",\"urlTemplate\":\"https:\/\/grani.adv.br\/?s={search_term_string}\"},\"query-input\":\"required name=search_term_string\"}],\"inLanguage\":\"en-US\"},{\"@type\":\"Organization\",\"@id\":\"https:\/\/grani.adv.br\/#organization\",\"name\":\"Grani Advocacia\",\"url\":\"https:\/\/grani.adv.br\/\",\"logo\":{\"@type\":\"ImageObject\",\"inLanguage\":\"en-US\",\"@id\":\"https:\/\/grani.adv.br\/#\/schema\/logo\/image\/\",\"url\":\"https:\/\/grani.adv.br\/wp-content\/uploads\/2023\/08\/cropped-grani-favicon.png\",\"contentUrl\":\"https:\/\/grani.adv.br\/wp-content\/uploads\/2023\/08\/cropped-grani-favicon.png\",\"width\":512,\"height\":512,\"caption\":\"Grani Advocacia\"},\"image\":{\"@id\":\"https:\/\/grani.adv.br\/#\/schema\/logo\/image\/\"}},{\"@type\":\"Person\",\"@id\":\"https:\/\/grani.adv.br\/#\/schema\/person\/9473646a41c49a76916f8c9a36590d19\",\"name\":\"Sandra Regina Breyer\",\"image\":{\"@type\":\"ImageObject\",\"inLanguage\":\"en-US\",\"@id\":\"https:\/\/grani.adv.br\/#\/schema\/person\/image\/\",\"url\":\"https:\/\/secure.gravatar.com\/avatar\/3d58f2a0f376827e8991156db1a4cb4147a0ecb14f07ec1fe49448feb6b5059d?s=96&d=mm&r=g\",\"contentUrl\":\"https:\/\/secure.gravatar.com\/avatar\/3d58f2a0f376827e8991156db1a4cb4147a0ecb14f07ec1fe49448feb6b5059d?s=96&d=mm&r=g\",\"caption\":\"Sandra Regina Breyer\"},\"url\":\"https:\/\/grani.adv.br\/index.php\/author\/sandra\/\"}]}<\/script>\n<!-- \/ Yoast SEO plugin. -->","yoast_head_json":{"title":"FUI MANDADO...EMBORA E N\u00c3O ASSINARAM A MINHA CARTEIRA -","robots":{"index":"index","follow":"follow","max-snippet":"max-snippet:-1","max-image-preview":"max-image-preview:large","max-video-preview":"max-video-preview:-1"},"canonical":"https:\/\/grani.adv.br\/index.php\/2023\/12\/12\/fui-mandado-embora-e-nao-assinaram-a-minha-carteira\/","og_locale":"en_US","og_type":"article","og_title":"FUI MANDADO...EMBORA E N\u00c3O ASSINARAM A MINHA CARTEIRA -","og_description":"ACONTECE DIARIAMENTE! MUITO! A carteira n\u00e3o estar assinada significa que voc\u00ea temou teve um emprego INFORMAL, o que n\u00e3o deixade ser um emprego.Ainda que n\u00e3o esteja assinada a carteira, voc\u00ea temTODOS OS DIREITOS de um emprego com acarteira assinada.A diferen\u00e7a \u00e9 que no emprego regularizado (comcarteira assinada), o empregador cumpriu com asua responsabilidade voluntariamente.J\u00e1 no&hellip;&nbsp;Read More &raquo;FUI MANDADO&#8230;EMBORA E N\u00c3O ASSINARAM A MINHA CARTEIRA","og_url":"https:\/\/grani.adv.br\/index.php\/2023\/12\/12\/fui-mandado-embora-e-nao-assinaram-a-minha-carteira\/","article_published_time":"2023-12-12T14:14:09+00:00","og_image":[{"url":"https:\/\/grani.adv.br\/wp-content\/uploads\/2023\/12\/download.jpg"}],"author":"Sandra Regina Breyer","twitter_card":"summary_large_image","twitter_misc":{"Written by":"Sandra Regina Breyer","Est. reading time":"2 minutes"},"schema":{"@context":"https:\/\/schema.org","@graph":[{"@type":"Article","@id":"https:\/\/grani.adv.br\/index.php\/2023\/12\/12\/fui-mandado-embora-e-nao-assinaram-a-minha-carteira\/#article","isPartOf":{"@id":"https:\/\/grani.adv.br\/index.php\/2023\/12\/12\/fui-mandado-embora-e-nao-assinaram-a-minha-carteira\/"},"author":{"name":"Sandra Regina Breyer","@id":"https:\/\/grani.adv.br\/#\/schema\/person\/9473646a41c49a76916f8c9a36590d19"},"headline":"FUI MANDADO&#8230;EMBORA E N\u00c3O ASSINARAM A MINHA CARTEIRA","datePublished":"2023-12-12T14:14:09+00:00","dateModified":"2023-12-12T14:14:09+00:00","mainEntityOfPage":{"@id":"https:\/\/grani.adv.br\/index.php\/2023\/12\/12\/fui-mandado-embora-e-nao-assinaram-a-minha-carteira\/"},"wordCount":249,"commentCount":0,"publisher":{"@id":"https:\/\/grani.adv.br\/#organization"},"articleSection":["Sem categoria"],"inLanguage":"en-US","potentialAction":[{"@type":"CommentAction","name":"Comment","target":["https:\/\/grani.adv.br\/index.php\/2023\/12\/12\/fui-mandado-embora-e-nao-assinaram-a-minha-carteira\/#respond"]}]},{"@type":"WebPage","@id":"https:\/\/grani.adv.br\/index.php\/2023\/12\/12\/fui-mandado-embora-e-nao-assinaram-a-minha-carteira\/","url":"https:\/\/grani.adv.br\/index.php\/2023\/12\/12\/fui-mandado-embora-e-nao-assinaram-a-minha-carteira\/","name":"FUI MANDADO...EMBORA E N\u00c3O ASSINARAM A MINHA CARTEIRA -","isPartOf":{"@id":"https:\/\/grani.adv.br\/#website"},"datePublished":"2023-12-12T14:14:09+00:00","dateModified":"2023-12-12T14:14:09+00:00","breadcrumb":{"@id":"https:\/\/grani.adv.br\/index.php\/2023\/12\/12\/fui-mandado-embora-e-nao-assinaram-a-minha-carteira\/#breadcrumb"},"inLanguage":"en-US","potentialAction":[{"@type":"ReadAction","target":["https:\/\/grani.adv.br\/index.php\/2023\/12\/12\/fui-mandado-embora-e-nao-assinaram-a-minha-carteira\/"]}]},{"@type":"BreadcrumbList","@id":"https:\/\/grani.adv.br\/index.php\/2023\/12\/12\/fui-mandado-embora-e-nao-assinaram-a-minha-carteira\/#breadcrumb","itemListElement":[{"@type":"ListItem","position":1,"name":"Home","item":"https:\/\/grani.adv.br\/"},{"@type":"ListItem","position":2,"name":"FUI MANDADO&#8230;EMBORA E N\u00c3O ASSINARAM A MINHA CARTEIRA"}]},{"@type":"WebSite","@id":"https:\/\/grani.adv.br\/#website","url":"https:\/\/grani.adv.br\/","name":"Grani Advocacia","description":"","publisher":{"@id":"https:\/\/grani.adv.br\/#organization"},"potentialAction":[{"@type":"SearchAction","target":{"@type":"EntryPoint","urlTemplate":"https:\/\/grani.adv.br\/?s={search_term_string}"},"query-input":"required name=search_term_string"}],"inLanguage":"en-US"},{"@type":"Organization","@id":"https:\/\/grani.adv.br\/#organization","name":"Grani Advocacia","url":"https:\/\/grani.adv.br\/","logo":{"@type":"ImageObject","inLanguage":"en-US","@id":"https:\/\/grani.adv.br\/#\/schema\/logo\/image\/","url":"https:\/\/grani.adv.br\/wp-content\/uploads\/2023\/08\/cropped-grani-favicon.png","contentUrl":"https:\/\/grani.adv.br\/wp-content\/uploads\/2023\/08\/cropped-grani-favicon.png","width":512,"height":512,"caption":"Grani Advocacia"},"image":{"@id":"https:\/\/grani.adv.br\/#\/schema\/logo\/image\/"}},{"@type":"Person","@id":"https:\/\/grani.adv.br\/#\/schema\/person\/9473646a41c49a76916f8c9a36590d19","name":"Sandra Regina Breyer","image":{"@type":"ImageObject","inLanguage":"en-US","@id":"https:\/\/grani.adv.br\/#\/schema\/person\/image\/","url":"https:\/\/secure.gravatar.com\/avatar\/3d58f2a0f376827e8991156db1a4cb4147a0ecb14f07ec1fe49448feb6b5059d?s=96&d=mm&r=g","contentUrl":"https:\/\/secure.gravatar.com\/avatar\/3d58f2a0f376827e8991156db1a4cb4147a0ecb14f07ec1fe49448feb6b5059d?s=96&d=mm&r=g","caption":"Sandra Regina Breyer"},"url":"https:\/\/grani.adv.br\/index.php\/author\/sandra\/"}]}},"_links":{"self":[{"href":"https:\/\/grani.adv.br\/index.php\/wp-json\/wp\/v2\/posts\/108","targetHints":{"allow":["GET"]}}],"collection":[{"href":"https:\/\/grani.adv.br\/index.php\/wp-json\/wp\/v2\/posts"}],"about":[{"href":"https:\/\/grani.adv.br\/index.php\/wp-json\/wp\/v2\/types\/post"}],"author":[{"embeddable":true,"href":"https:\/\/grani.adv.br\/index.php\/wp-json\/wp\/v2\/users\/2"}],"replies":[{"embeddable":true,"href":"https:\/\/grani.adv.br\/index.php\/wp-json\/wp\/v2\/comments?post=108"}],"version-history":[{"count":2,"href":"https:\/\/grani.adv.br\/index.php\/wp-json\/wp\/v2\/posts\/108\/revisions"}],"predecessor-version":[{"id":111,"href":"https:\/\/grani.adv.br\/index.php\/wp-json\/wp\/v2\/posts\/108\/revisions\/111"}],"wp:attachment":[{"href":"https:\/\/grani.adv.br\/index.php\/wp-json\/wp\/v2\/media?parent=108"}],"wp:term":[{"taxonomy":"category","embeddable":true,"href":"https:\/\/grani.adv.br\/index.php\/wp-json\/wp\/v2\/categories?post=108"},{"taxonomy":"post_tag","embeddable":true,"href":"https:\/\/grani.adv.br\/index.php\/wp-json\/wp\/v2\/tags?post=108"}],"curies":[{"name":"wp","href":"https:\/\/api.w.org\/{rel}","templated":true}]}}